{"id":15195,"date":"2021-05-19T19:05:21","date_gmt":"2021-05-19T19:05:21","guid":{"rendered":"https:\/\/valleromanogolf.com\/i-torneo-benefico-de-golf-hugo-montero\/"},"modified":"2024-10-18T07:23:49","modified_gmt":"2024-10-18T07:23:49","slug":"i-torneo-benefico-de-golf-hugo-montero","status":"publish","type":"post","link":"https:\/\/valleromanogolf.com\/es\/i-torneo-benefico-de-golf-hugo-montero\/","title":{"rendered":"I Torneo Ben\u00e9fico de Golf Hugo Montero"},"content":{"rendered":"<h3>El pasado s\u00e1bado 15 celebramos el Torneo Ben\u00e9fico de Golf a favor de Hugo Montero.<\/h3>\n<p>Tuvimos la suerte de disfrutar de un magn\u00edfico d\u00eda de golf en Valle Romano. Estuvimos acompa\u00f1ados por golfistas solidarios y apoyados por muchos colaboradores que hicieron posible el evento.<\/p>\n<p>Queremos agradecer especialmente la labor altruista de Carlos Coronil, alma mater y promotor de esta acci\u00f3n solidaria para recaudar fondos y contribuir a la causa de Hugo, un joven de Estepona que sufri\u00f3 una lesi\u00f3n medular mientras practicaba su deporte favorito en la playa.<\/p>\n<p>Muchos empresarios de la Costa del Sol y especialmente de nuestro municipio, han respondido a la llamada sum\u00e1ndose y aportando su granito de arena. Agradecemos profundamente a la selecci\u00f3n andaluza de cocina profesional por venir a deleitarnos con su arte culinario de forma totalmente desinteresada, ofreciendo un maravilloso catering que ejecutaron de principio a fin.<\/p>\n<p>Deseamos a Hugo y a su familia toda la fuerza del mundo en su recuperaci\u00f3n y le invitamos a visitar Valle Romano siempre que quiera, \u00ab\u00e9sta es su casa\u00bb.<\/p>\n<h4>Ganadores de la primera categor\u00eda<\/h4>\n<ol>\n<li>Jos\u00e9 Antonio Grande (34 puntos)<\/li>\n<li>Francisco Torres (34 puntos)<\/li>\n<li>Juan Jose L\u00f3pez (34 pts)<\/li>\n<\/ol>\n<h4>Ganadores de la segunda categor\u00eda<\/h4>\n<ol>\n<li>Francisco Luis Garc\u00eda (37 puntos)<\/li>\n<li>Jos\u00e9 Antonio Bandera (37 pts)<\/li>\n<li>Eloy Benit\u00e9ez (35 puntos)<\/li>\n<\/ol>\n<h4>Premio especial para damas<\/h4>\n<ol>\n<li>Claudia Mejia (38 pts)<\/li>\n<\/ol>\n","protected":false},"excerpt":{"rendered":"<p>El pasado s\u00e1bado 15 celebramos el Torneo Ben\u00e9fico de Golf a favor de Hugo Montero.<\/p>\n","protected":false},"author":1,"featured_media":8160,"comment_status":"closed","ping_status":"closed","sticky":false,"template":"","format":"standard","meta":{"footnotes":""},"categories":[30],"tags":[107,142,194],"class_list":["post-15195","post","type-post","status-publish","format-standard","has-post-thumbnail","hentry","category-noticias","tag-costa-del-sol-es","tag-estepona-es","tag-valle-romano-golf-es"],"_links":{"self":[{"href":"https:\/\/valleromanogolf.com\/es\/wp-json\/wp\/v2\/posts\/15195","targetHints":{"allow":["GET"]}}],"collection":[{"href":"https:\/\/valleromanogolf.com\/es\/wp-json\/wp\/v2\/posts"}],"about":[{"href":"https:\/\/valleromanogolf.com\/es\/wp-json\/wp\/v2\/types\/post"}],"author":[{"embeddable":true,"href":"https:\/\/valleromanogolf.com\/es\/wp-json\/wp\/v2\/users\/1"}],"replies":[{"embeddable":true,"href":"https:\/\/valleromanogolf.com\/es\/wp-json\/wp\/v2\/comments?post=15195"}],"version-history":[{"count":1,"href":"https:\/\/valleromanogolf.com\/es\/wp-json\/wp\/v2\/posts\/15195\/revisions"}],"predecessor-version":[{"id":15250,"href":"https:\/\/valleromanogolf.com\/es\/wp-json\/wp\/v2\/posts\/15195\/revisions\/15250"}],"wp:featuredmedia":[{"embeddable":true,"href":"https:\/\/valleromanogolf.com\/es\/wp-json\/wp\/v2\/media\/8160"}],"wp:attachment":[{"href":"https:\/\/valleromanogolf.com\/es\/wp-json\/wp\/v2\/media?parent=15195"}],"wp:term":[{"taxonomy":"category","embeddable":true,"href":"https:\/\/valleromanogolf.com\/es\/wp-json\/wp\/v2\/categories?post=15195"},{"taxonomy":"post_tag","embeddable":true,"href":"https:\/\/valleromanogolf.com\/es\/wp-json\/wp\/v2\/tags?post=15195"}],"curies":[{"name":"wp","href":"https:\/\/api.w.org\/{rel}","templated":true}]}}