{"id":12234,"date":"2023-09-29T19:24:00","date_gmt":"2023-09-29T19:24:00","guid":{"rendered":"https:\/\/valleromanogolf.com\/yamahas-european-golf-car-team-gathers-at-valle-romano-golf-resort\/"},"modified":"2024-10-18T07:23:31","modified_gmt":"2024-10-18T07:23:31","slug":"evento-del-equipo-europeo-de-buggies-de-yamaha-en-valle-romano","status":"publish","type":"post","link":"https:\/\/valleromanogolf.com\/es\/evento-del-equipo-europeo-de-buggies-de-yamaha-en-valle-romano\/","title":{"rendered":"2. nos entusiasma que el equipo europeo de coches de golf de Yamaha se re\u00fana en Valle Romano Golf Resort"},"content":{"rendered":"<h2>nos complace que el equipo europeo de coches de golf de Yamaha se re\u00fana en Valle Romano Golf Resort<\/h2>\n<h1><strong>Compartir conocimientos y perspectivas del sector<\/strong><\/h1>\n<p>Este mes, <a href=\"https:\/\/valleromanogolf.com\/contact\/\">Valle Romano Golf &amp; Resort<\/a> tuvo el honor de acoger una de las reuniones m\u00e1s importantes de Yamaha en Europa. El prestigioso fabricante japon\u00e9s eligi\u00f3 nuestras instalaciones para celebrar su reuni\u00f3n anual, centrada en la innovaci\u00f3n y el desarrollo de veh\u00edculos de golf, reuniendo a su personal directivo y a concesionarios de toda Europa.<\/p>\n<h2><strong>Promover la sinergia entre los participantes<\/strong><\/h2>\n<p>El acto, celebrado en nuestro emblem\u00e1tico complejo tur\u00edstico, permiti\u00f3 a los expertos de Yamaha intercambiar ideas, debatir tendencias y reforzar la colaboraci\u00f3n entre distintos pa\u00edses. El objetivo principal era identificar oportunidades y establecer estrategias conjuntas para impulsar el mercado de veh\u00edculos de golf.<\/p>\n<h2><strong>Agradecimiento y colaboraci\u00f3n de Valle Romano<\/strong><\/h2>\n<p>Desde Valle Romano, queremos expresar nuestro agradecimiento a <a href=\"https:\/\/www.yamaha-motor.eu\/es\/es\/lightweight-vehicles\/golf-fleet\/\">Yamaha<\/a> y a todos los participantes: \u00abEs un honor haber sido elegidos como sede de este importante encuentro. Estamos comprometidos con la excelencia y esperamos seguir siendo el lugar elegido para eventos de esta magnitud\u00bb, dijo Ildefonso Esquivel, director de Valle Romano Golf &amp; Resort.<br \/>\n<img fetchpriority=\"high\" decoding=\"async\" class=\"alignnone size-large wp-image-12229\" src=\"https:\/\/valleromanogolf.com\/wp-content\/uploads\/2023\/09\/Yamahas-European-Golf-Car-1024x556.webp\" alt=\"El coche de golf europeo de Yamaha\" width=\"1024\" height=\"556\"><\/p>\n<h2><strong>El distribuidor espa\u00f1ol Agronimer reconocido por su excelencia en ventas<\/strong><\/h2>\n<p>Cabe destacar el reconocimiento otorgado al concesionario espa\u00f1ol <a href=\"https:\/\/agronimer.com\">Agronimer<\/a>, dirigido por David Fern\u00e1ndez Barranco, por ser el mejor en ventas de toda Europa en 2023. David coment\u00f3: \u00abEste premio es el resultado del esfuerzo colectivo de nuestro equipo. Agradezco a cada miembro su dedicaci\u00f3n y compromiso\u00bb.<\/p>\n<h3><strong>Mirando hacia 2024<\/strong><\/h3>\n<p>Pol Torrents, representante de Yamaha, expres\u00f3 su satisfacci\u00f3n por el evento: \u00abValle Romano ha sido el escenario perfecto para nuestra reuni\u00f3n. Adem\u00e1s, quiero felicitar a David Fern\u00e1ndez y a Agronimer por su destacada labor en el sector.\u00bb<\/p>\n<p>El exitoso evento concluy\u00f3 con un<br \/>\nEste mes, <a href=\"https:\/\/valleromanogolf.com\/contact\/\">Valle Romano Golf &amp; Resort<\/a> tuvo el honor de acoger una de las reuniones m\u00e1s significativas de Yamaha en Europa. El prestigioso fabricante japon\u00e9s eligi\u00f3 nuestras instalaciones para celebrar su reuni\u00f3n anual, centrada en la innovaci\u00f3n y el desarrollo de veh\u00edculos de golf, reuniendo a su personal directivo y a concesionarios de toda Europa.<\/p>\n<p>El acto, celebrado en nuestro emblem\u00e1tico complejo tur\u00edstico, permiti\u00f3 a los expertos de Yamaha intercambiar ideas, debatir tendencias y reforzar la colaboraci\u00f3n entre distintos pa\u00edses. El objetivo principal era identificar oportunidades y establecer estrategias conjuntas para impulsar el mercado de veh\u00edculos de golf.<\/p>\n<p>Coche de golf<\/p>\n<p>europeo<\/p>\n<p>El acto, celebrado en nuestro emblem\u00e1tico complejo tur\u00edstico, permiti\u00f3 a los expertos de Yamaha intercambiar ideas, debatir tendencias y reforzar la colaboraci\u00f3n entre distintos pa\u00edses. El objetivo principal era identificar oportunidades y establecer estrategias conjuntas para impulsar el mercado de veh\u00edculos de golf.<\/p>\n<p>Desde Valle Romano, queremos expresar nuestro agradecimiento a <a href=\"https:\/\/www.yamaha-motor.eu\/es\/es\/lightweight-vehicles\/golf-fleet\/\">Yamaha<\/a> y a todos los participantes: \u00abEs un honor haber sido elegidos como sede de este importante encuentro. Estamos comprometidos con la excelencia y esperamos seguir siendo el lugar elegido para eventos de esta magnitud\u00bb, dijo Ildefonso Esquivel, director de Valle Romano Golf &amp; Resort.<\/p>\n<p>Cabe destacar el reconocimiento otorgado al concesionario espa\u00f1ol <a href=\"https:\/\/agronimer.com\">Agronimer<\/a>, dirigido por David Fern\u00e1ndez Barranco, por ser el mejor en ventas de toda Europa en 2023. David coment\u00f3: \u00abEste premio es el resultado del esfuerzo colectivo de nuestro equipo. Agradezco a cada miembro su dedicaci\u00f3n y compromiso\u00bb.<br \/>\nPol Torrents, representante de Yamaha, expres\u00f3 su satisfacci\u00f3n por el evento: \u00abValle Romano ha sido el escenario perfecto para nuestra reuni\u00f3n. Adem\u00e1s, quiero felicitar a David Fern\u00e1ndez y a Agronimer por su destacada labor en el sector.\u00bb<\/p>\n<p>El exitoso evento concluy\u00f3 con un<br \/>\nEste mes, <a href=\"https:\/\/valleromanogolf.com\/contact\/\">Valle Romano Golf &amp; Resort<\/a> tuvo el honor de acoger una de las reuniones m\u00e1s significativas de Yamaha en Europa. El prestigioso fabricante japon\u00e9s eligi\u00f3 nuestras instalaciones para celebrar su reuni\u00f3n anual, centrada en la innovaci\u00f3n y el desarrollo de veh\u00edculos de golf, reuniendo a su personal directivo y a concesionarios de toda Europa.<\/p>\n<p>H<\/p>\n","protected":false},"excerpt":{"rendered":"<p>nos complace que el equipo europeo de coches de golf de Yamaha se re\u00fana en Valle Romano Golf Resort Compartir conocimientos y perspectivas del sector Este mes, Valle Romano Golf &amp; Resort tuvo el honor de acoger una de las reuniones m\u00e1s importantes de Yamaha en Europa. El prestigioso fabricante japon\u00e9s eligi\u00f3 nuestras instalaciones para [&hellip;]<\/p>\n","protected":false},"author":1,"featured_media":0,"comment_status":"open","ping_status":"closed","sticky":false,"template":"","format":"standard","meta":{"footnotes":""},"categories":[30],"tags":[131],"class_list":["post-12234","post","type-post","status-publish","format-standard","hentry","category-noticias","tag-yamaha-es"],"_links":{"self":[{"href":"https:\/\/valleromanogolf.com\/es\/wp-json\/wp\/v2\/posts\/12234","targetHints":{"allow":["GET"]}}],"collection":[{"href":"https:\/\/valleromanogolf.com\/es\/wp-json\/wp\/v2\/posts"}],"about":[{"href":"https:\/\/valleromanogolf.com\/es\/wp-json\/wp\/v2\/types\/post"}],"author":[{"embeddable":true,"href":"https:\/\/valleromanogolf.com\/es\/wp-json\/wp\/v2\/users\/1"}],"replies":[{"embeddable":true,"href":"https:\/\/valleromanogolf.com\/es\/wp-json\/wp\/v2\/comments?post=12234"}],"version-history":[{"count":6,"href":"https:\/\/valleromanogolf.com\/es\/wp-json\/wp\/v2\/posts\/12234\/revisions"}],"predecessor-version":[{"id":15182,"href":"https:\/\/valleromanogolf.com\/es\/wp-json\/wp\/v2\/posts\/12234\/revisions\/15182"}],"wp:attachment":[{"href":"https:\/\/valleromanogolf.com\/es\/wp-json\/wp\/v2\/media?parent=12234"}],"wp:term":[{"taxonomy":"category","embeddable":true,"href":"https:\/\/valleromanogolf.com\/es\/wp-json\/wp\/v2\/categories?post=12234"},{"taxonomy":"post_tag","embeddable":true,"href":"https:\/\/valleromanogolf.com\/es\/wp-json\/wp\/v2\/tags?post=12234"}],"curies":[{"name":"wp","href":"https:\/\/api.w.org\/{rel}","templated":true}]}}